{"id":1020,"date":"2019-04-15T09:00:17","date_gmt":"2019-04-15T07:00:17","guid":{"rendered":"http:\/\/sanni.it\/blog\/?p=1020"},"modified":"2019-04-15T12:19:49","modified_gmt":"2019-04-15T10:19:49","slug":"mountain-catcher","status":"publish","type":"post","link":"https:\/\/sanni.it\/blog\/2019\/04\/15\/mountain-catcher\/","title":{"rendered":"Mountain Catcher"},"content":{"rendered":"<p>Helden braucht der Mensch. Solche, die inspirieren und Mut machen. In unserem Ranking gerade ganz weit vorne: ein roter Rucksack und zwei Abenteurer, die einfach mal losgezogen sind. Mit wenig Gep\u00e4ck und viel Neugier. Und mit dem festen Entschluss, alles, was die Welt so hergibt, in starken Bildern einzufangen.<\/p>\n<p><!--more--><\/p>\n<p>&nbsp;<\/p>\n<p>Eine Puschtrarin, ein Vinschger. Diese bew\u00e4hrte Ost-West-Connection und ein roter Rucksack \u2013 oft braucht es wirklich nicht viel, f\u00fcr den ganz gro\u00dfen Schritt im Leben. F\u00fcr den Moment, in dem der Knopf im Kopf sich l\u00f6st und den Weg frei macht f\u00fcr eine Zukunft, die man sich so vielleicht nicht vorgestellt h\u00e4tte. F\u00fcr Judith und Alex war es die Entscheidung, Wohnung und Arbeit in Meran aufzugeben und in 352 Tagen um die Welt zu reisen. Durch 18 L\u00e4nder und \u00fcber 4 Kontinente. Ohne die Route zu planen, einfach mal los und sehen was passiert, wo es einen als n\u00e4chstes hinverschl\u00e4gt. Eine spannende Reise, die viele \u2013 auch wir, \u00fcber den Blog <em>Roter Rucksack<\/em> beinahe in Echtzeit mitverfolgen durften. Zuhause am Monitor bestaunten wir die gesammelten Eindr\u00fccke, f\u00fchlten uns als wichtiger Teil der Expedition und z\u00e4hlten verstohlen mit: 25 Fl\u00fcge, 24 Zugfahrten, 6 Friseurbesuche, 4 volle Speicherkarten und 119 Blogeintr\u00e4ge. Das war vor knapp drei Jahren. Irgendwann war die Weltreise vorbei. Und das Gef\u00fchl, die Lieblingssoap w\u00e4re eingestellt worden, wollte nicht nachlassen.<em> Was f\u00fcr ein Jahr! Was f\u00fcr Monate! Was f\u00fcr verdammt geile Tage, jeder einzelne davon! \u2013 <\/em>las man im Blog. Klingt nach einem Ende, war zum Gl\u00fcck aber keines. Kaum hatte sich der Rote Rucksack in der heimeligen S\u00fcdtiroler Bergidylle wieder h\u00e4uslich eingerichtet, ging es auch schon weiter. Judith und Alex hatten Blogger-Blut geleckt. Das Einfach-mal-raus-sein, das Entdecken, Erleben, Fotografieren und Schreiben war l\u00e4ngst Teil ihrer Identit\u00e4t geworden. Aus den Erlebnissen auf fremden Kontinenten wurden Kurztrips und Wanderungen in und rund um S\u00fcdtirol. So ein roter Rucksack ist schlie\u00dflich flexibel einsetzbar. Der Blog wuchs zu einer stattlichen Sammlung an Wandertipps mit spektakul\u00e4ren Bildern, die sogar dem gr\u00f6\u00dften Bergmuffel Beine machen. Und was vor Jahren digital begonnen hatte, gibt es heute in Buchform. K\u00fcrzlich erschienen \u2013 und schon durchgeschm\u00f6kert: <em>Die sch\u00f6nsten Touren und Fotospots in S\u00fcdtirol<\/em>. 45 Lieblingswanderungen auf 288 Seiten. Mit Insider-Tipps zum perfekten Mountain-Catch und Fotoeqipment. Wir w\u00fcrden mal sagen: lasst die Wadln brennen!<\/p>\n<p>&nbsp;<\/p>\n<p>Hier reinklicken: <a href=\"https:\/\/www.roterrucksack.com\/\">Roter Rucksack &#8211; Reisen, Wandern, Fotografieren<\/a><br \/>\nFoto: Roter Rucksack<\/p>\n","protected":false},"excerpt":{"rendered":"<p>Helden braucht der Mensch. Solche, die inspirieren und Mut machen. In unserem Ranking gerade ganz weit vorne: ein roter Rucksack und zwei Abenteurer, die einfach&#8230;<\/p>\n","protected":false},"author":2,"featured_media":1029,"comment_status":"open","ping_status":"open","sticky":false,"template":"","format":"standard","meta":{"footnotes":""},"categories":[1,4],"tags":[327,331,328,329,137,330,134,159,325],"class_list":["post-1020","post","type-post","status-publish","format-standard","has-post-thumbnail","hentry","category-allgemein","category-kuerzlich-gelesen","tag-berge","tag-dolomites","tag-fotografie","tag-helden-des-alltags","tag-reiseblog","tag-roter-rucksack","tag-suedtirol","tag-wandern","tag-weltreise"],"yoast_head":"<!-- This site is optimized with the Yoast SEO plugin v24.2 - https:\/\/yoast.com\/wordpress\/plugins\/seo\/ -->\n<title>Mountain Catcher - Blog Sanni<\/title>\n<meta name=\"robots\" content=\"index, follow, max-snippet:-1, max-image-preview:large, max-video-preview:-1\" \/>\n<link rel=\"canonical\" href=\"https:\/\/sanni.it\/blog\/2019\/04\/15\/mountain-catcher\/\" \/>\n<meta property=\"og:locale\" content=\"de_DE\" \/>\n<meta property=\"og:type\" content=\"article\" \/>\n<meta property=\"og:title\" content=\"Mountain Catcher - Blog Sanni\" \/>\n<meta property=\"og:description\" content=\"Helden braucht der Mensch. Solche, die inspirieren und Mut machen. In unserem Ranking gerade ganz weit vorne: ein roter Rucksack und zwei Abenteurer, die einfach...\" \/>\n<meta property=\"og:url\" content=\"https:\/\/sanni.it\/blog\/2019\/04\/15\/mountain-catcher\/\" \/>\n<meta property=\"og:site_name\" content=\"Blog Sanni\" \/>\n<meta property=\"article:published_time\" content=\"2019-04-15T07:00:17+00:00\" \/>\n<meta property=\"article:modified_time\" content=\"2019-04-15T10:19:49+00:00\" \/>\n<meta property=\"og:image\" content=\"https:\/\/sanni.it\/blog\/wp-content\/uploads\/2019\/04\/sanni_roterrucksack.jpg\" \/>\n\t<meta property=\"og:image:width\" content=\"1024\" \/>\n\t<meta property=\"og:image:height\" content=\"683\" \/>\n\t<meta property=\"og:image:type\" content=\"image\/jpeg\" \/>\n<meta name=\"author\" content=\"SANNI\" \/>\n<meta name=\"twitter:card\" content=\"summary_large_image\" \/>\n<meta name=\"twitter:label1\" content=\"Verfasst von\" \/>\n\t<meta name=\"twitter:data1\" content=\"SANNI\" \/>\n\t<meta name=\"twitter:label2\" content=\"Gesch\u00e4tzte Lesezeit\" \/>\n\t<meta name=\"twitter:data2\" content=\"2\u00a0Minuten\" \/>\n<script type=\"application\/ld+json\" class=\"yoast-schema-graph\">{\"@context\":\"https:\/\/schema.org\",\"@graph\":[{\"@type\":\"WebPage\",\"@id\":\"https:\/\/sanni.it\/blog\/2019\/04\/15\/mountain-catcher\/\",\"url\":\"https:\/\/sanni.it\/blog\/2019\/04\/15\/mountain-catcher\/\",\"name\":\"Mountain Catcher - Blog Sanni\",\"isPartOf\":{\"@id\":\"http:\/\/sanni.it\/blog\/#website\"},\"primaryImageOfPage\":{\"@id\":\"https:\/\/sanni.it\/blog\/2019\/04\/15\/mountain-catcher\/#primaryimage\"},\"image\":{\"@id\":\"https:\/\/sanni.it\/blog\/2019\/04\/15\/mountain-catcher\/#primaryimage\"},\"thumbnailUrl\":\"https:\/\/sanni.it\/blog\/wp-content\/uploads\/2019\/04\/sanni_roterrucksack.jpg\",\"datePublished\":\"2019-04-15T07:00:17+00:00\",\"dateModified\":\"2019-04-15T10:19:49+00:00\",\"author\":{\"@id\":\"http:\/\/sanni.it\/blog\/#\/schema\/person\/791197a652f8522c059a3aa36ab4a927\"},\"breadcrumb\":{\"@id\":\"https:\/\/sanni.it\/blog\/2019\/04\/15\/mountain-catcher\/#breadcrumb\"},\"inLanguage\":\"de\",\"potentialAction\":[{\"@type\":\"ReadAction\",\"target\":[\"https:\/\/sanni.it\/blog\/2019\/04\/15\/mountain-catcher\/\"]}]},{\"@type\":\"ImageObject\",\"inLanguage\":\"de\",\"@id\":\"https:\/\/sanni.it\/blog\/2019\/04\/15\/mountain-catcher\/#primaryimage\",\"url\":\"https:\/\/sanni.it\/blog\/wp-content\/uploads\/2019\/04\/sanni_roterrucksack.jpg\",\"contentUrl\":\"https:\/\/sanni.it\/blog\/wp-content\/uploads\/2019\/04\/sanni_roterrucksack.jpg\",\"width\":1024,\"height\":683},{\"@type\":\"BreadcrumbList\",\"@id\":\"https:\/\/sanni.it\/blog\/2019\/04\/15\/mountain-catcher\/#breadcrumb\",\"itemListElement\":[{\"@type\":\"ListItem\",\"position\":1,\"name\":\"Startseite\",\"item\":\"http:\/\/sanni.it\/blog\/\"},{\"@type\":\"ListItem\",\"position\":2,\"name\":\"Mountain Catcher\"}]},{\"@type\":\"WebSite\",\"@id\":\"http:\/\/sanni.it\/blog\/#website\",\"url\":\"http:\/\/sanni.it\/blog\/\",\"name\":\"Blog Sanni\",\"description\":\"Ideenheft\",\"potentialAction\":[{\"@type\":\"SearchAction\",\"target\":{\"@type\":\"EntryPoint\",\"urlTemplate\":\"http:\/\/sanni.it\/blog\/?s={search_term_string}\"},\"query-input\":{\"@type\":\"PropertyValueSpecification\",\"valueRequired\":true,\"valueName\":\"search_term_string\"}}],\"inLanguage\":\"de\"},{\"@type\":\"Person\",\"@id\":\"http:\/\/sanni.it\/blog\/#\/schema\/person\/791197a652f8522c059a3aa36ab4a927\",\"name\":\"SANNI\",\"image\":{\"@type\":\"ImageObject\",\"inLanguage\":\"de\",\"@id\":\"http:\/\/sanni.it\/blog\/#\/schema\/person\/image\/\",\"url\":\"https:\/\/secure.gravatar.com\/avatar\/c49780c4d596fa01ccbe0771e944b51d?s=96&d=mm&r=g\",\"contentUrl\":\"https:\/\/secure.gravatar.com\/avatar\/c49780c4d596fa01ccbe0771e944b51d?s=96&d=mm&r=g\",\"caption\":\"SANNI\"},\"url\":\"https:\/\/sanni.it\/blog\/author\/sanni\/\"}]}<\/script>\n<!-- \/ Yoast SEO plugin. -->","yoast_head_json":{"title":"Mountain Catcher - Blog Sanni","robots":{"index":"index","follow":"follow","max-snippet":"max-snippet:-1","max-image-preview":"max-image-preview:large","max-video-preview":"max-video-preview:-1"},"canonical":"https:\/\/sanni.it\/blog\/2019\/04\/15\/mountain-catcher\/","og_locale":"de_DE","og_type":"article","og_title":"Mountain Catcher - Blog Sanni","og_description":"Helden braucht der Mensch. Solche, die inspirieren und Mut machen. In unserem Ranking gerade ganz weit vorne: ein roter Rucksack und zwei Abenteurer, die einfach...","og_url":"https:\/\/sanni.it\/blog\/2019\/04\/15\/mountain-catcher\/","og_site_name":"Blog Sanni","article_published_time":"2019-04-15T07:00:17+00:00","article_modified_time":"2019-04-15T10:19:49+00:00","og_image":[{"width":1024,"height":683,"url":"https:\/\/sanni.it\/blog\/wp-content\/uploads\/2019\/04\/sanni_roterrucksack.jpg","type":"image\/jpeg"}],"author":"SANNI","twitter_card":"summary_large_image","twitter_misc":{"Verfasst von":"SANNI","Gesch\u00e4tzte Lesezeit":"2\u00a0Minuten"},"schema":{"@context":"https:\/\/schema.org","@graph":[{"@type":"WebPage","@id":"https:\/\/sanni.it\/blog\/2019\/04\/15\/mountain-catcher\/","url":"https:\/\/sanni.it\/blog\/2019\/04\/15\/mountain-catcher\/","name":"Mountain Catcher - Blog Sanni","isPartOf":{"@id":"http:\/\/sanni.it\/blog\/#website"},"primaryImageOfPage":{"@id":"https:\/\/sanni.it\/blog\/2019\/04\/15\/mountain-catcher\/#primaryimage"},"image":{"@id":"https:\/\/sanni.it\/blog\/2019\/04\/15\/mountain-catcher\/#primaryimage"},"thumbnailUrl":"https:\/\/sanni.it\/blog\/wp-content\/uploads\/2019\/04\/sanni_roterrucksack.jpg","datePublished":"2019-04-15T07:00:17+00:00","dateModified":"2019-04-15T10:19:49+00:00","author":{"@id":"http:\/\/sanni.it\/blog\/#\/schema\/person\/791197a652f8522c059a3aa36ab4a927"},"breadcrumb":{"@id":"https:\/\/sanni.it\/blog\/2019\/04\/15\/mountain-catcher\/#breadcrumb"},"inLanguage":"de","potentialAction":[{"@type":"ReadAction","target":["https:\/\/sanni.it\/blog\/2019\/04\/15\/mountain-catcher\/"]}]},{"@type":"ImageObject","inLanguage":"de","@id":"https:\/\/sanni.it\/blog\/2019\/04\/15\/mountain-catcher\/#primaryimage","url":"https:\/\/sanni.it\/blog\/wp-content\/uploads\/2019\/04\/sanni_roterrucksack.jpg","contentUrl":"https:\/\/sanni.it\/blog\/wp-content\/uploads\/2019\/04\/sanni_roterrucksack.jpg","width":1024,"height":683},{"@type":"BreadcrumbList","@id":"https:\/\/sanni.it\/blog\/2019\/04\/15\/mountain-catcher\/#breadcrumb","itemListElement":[{"@type":"ListItem","position":1,"name":"Startseite","item":"http:\/\/sanni.it\/blog\/"},{"@type":"ListItem","position":2,"name":"Mountain Catcher"}]},{"@type":"WebSite","@id":"http:\/\/sanni.it\/blog\/#website","url":"http:\/\/sanni.it\/blog\/","name":"Blog Sanni","description":"Ideenheft","potentialAction":[{"@type":"SearchAction","target":{"@type":"EntryPoint","urlTemplate":"http:\/\/sanni.it\/blog\/?s={search_term_string}"},"query-input":{"@type":"PropertyValueSpecification","valueRequired":true,"valueName":"search_term_string"}}],"inLanguage":"de"},{"@type":"Person","@id":"http:\/\/sanni.it\/blog\/#\/schema\/person\/791197a652f8522c059a3aa36ab4a927","name":"SANNI","image":{"@type":"ImageObject","inLanguage":"de","@id":"http:\/\/sanni.it\/blog\/#\/schema\/person\/image\/","url":"https:\/\/secure.gravatar.com\/avatar\/c49780c4d596fa01ccbe0771e944b51d?s=96&d=mm&r=g","contentUrl":"https:\/\/secure.gravatar.com\/avatar\/c49780c4d596fa01ccbe0771e944b51d?s=96&d=mm&r=g","caption":"SANNI"},"url":"https:\/\/sanni.it\/blog\/author\/sanni\/"}]}},"_links":{"self":[{"href":"https:\/\/sanni.it\/blog\/wp-json\/wp\/v2\/posts\/1020","targetHints":{"allow":["GET"]}}],"collection":[{"href":"https:\/\/sanni.it\/blog\/wp-json\/wp\/v2\/posts"}],"about":[{"href":"https:\/\/sanni.it\/blog\/wp-json\/wp\/v2\/types\/post"}],"author":[{"embeddable":true,"href":"https:\/\/sanni.it\/blog\/wp-json\/wp\/v2\/users\/2"}],"replies":[{"embeddable":true,"href":"https:\/\/sanni.it\/blog\/wp-json\/wp\/v2\/comments?post=1020"}],"version-history":[{"count":12,"href":"https:\/\/sanni.it\/blog\/wp-json\/wp\/v2\/posts\/1020\/revisions"}],"predecessor-version":[{"id":1034,"href":"https:\/\/sanni.it\/blog\/wp-json\/wp\/v2\/posts\/1020\/revisions\/1034"}],"wp:featuredmedia":[{"embeddable":true,"href":"https:\/\/sanni.it\/blog\/wp-json\/wp\/v2\/media\/1029"}],"wp:attachment":[{"href":"https:\/\/sanni.it\/blog\/wp-json\/wp\/v2\/media?parent=1020"}],"wp:term":[{"taxonomy":"category","embeddable":true,"href":"https:\/\/sanni.it\/blog\/wp-json\/wp\/v2\/categories?post=1020"},{"taxonomy":"post_tag","embeddable":true,"href":"https:\/\/sanni.it\/blog\/wp-json\/wp\/v2\/tags?post=1020"}],"curies":[{"name":"wp","href":"https:\/\/api.w.org\/{rel}","templated":true}]}}